{"id":3093,"date":"2023-05-29T12:15:00","date_gmt":"2023-05-29T10:15:00","guid":{"rendered":"https:\/\/ictknow-how.ch\/blog\/?p=3093"},"modified":"2023-06-19T16:40:06","modified_gmt":"2023-06-19T14:40:06","slug":"fritzbox-willkuerliche-neustarts","status":"publish","type":"post","link":"https:\/\/ictknow-how.ch\/blog\/2023\/05\/29\/fritzbox-willkuerliche-neustarts\/","title":{"rendered":"Fritz!Box willk\u00fcrliche Neustarts"},"content":{"rendered":"\n<p class=\"wp-block-paragraph\">Unsere neue \u00abFritz!Box 5590 Fiber\u00bb<\/p>\n\n\n\n<figure class=\"wp-block-image size-full\"><a href=\"https:\/\/ictknow-how.ch\/blog\/wp-content\/uploads\/2023\/05\/FritzBox-5590-Fiber.jpg\"><img loading=\"lazy\" decoding=\"async\" width=\"612\" height=\"237\" src=\"https:\/\/ictknow-how.ch\/blog\/wp-content\/uploads\/2023\/05\/FritzBox-5590-Fiber.jpg\" alt=\"\" class=\"wp-image-3096\" srcset=\"https:\/\/ictknow-how.ch\/blog\/wp-content\/uploads\/2023\/05\/FritzBox-5590-Fiber.jpg 612w, https:\/\/ictknow-how.ch\/blog\/wp-content\/uploads\/2023\/05\/FritzBox-5590-Fiber-300x116.jpg 300w\" sizes=\"auto, (max-width: 612px) 100vw, 612px\" \/><\/a><\/figure>\n\n\n\n<p class=\"wp-block-paragraph\">startet sich aus leider unerkl\u00e4rlichen Gr\u00fcnden alle knapp 2 Tage willk\u00fcrlich selber.<br><a rel=\"noreferrer noopener\" href=\"https:\/\/avm.de\/service\/wissensdatenbank\/dok\/FRITZ-Box-5590-Fiber\/44_Gelegentliche-Neustarts-Mehrere-LEDs-blinken\/\" target=\"_blank\">Dieser AVM-Artikel<\/a> beschreibt, was man gem\u00e4ss Hersteller dagegen tun soll. <\/p>\n\n\n\n<p class=\"wp-block-paragraph\">Da wir jeweils immer knapp 48 Stunden warten m\u00fcssen, ist die Fehlerbehebung sehr m\u00fchsam. Das einzige &#8222;konstante&#8220; ist die Anzeige der st\u00fcndlich anwachsenden dynamischen RAM-Belegung unter System -&gt; Energiemonitor -&gt; Statistik:<\/p>\n\n\n\n<figure class=\"wp-block-image size-large\"><a href=\"https:\/\/ictknow-how.ch\/blog\/wp-content\/uploads\/2023\/05\/FB-dynamische-Belegung-RAM.jpg\"><img loading=\"lazy\" decoding=\"async\" width=\"1024\" height=\"289\" src=\"https:\/\/ictknow-how.ch\/blog\/wp-content\/uploads\/2023\/05\/FB-dynamische-Belegung-RAM-1024x289.jpg\" alt=\"\" class=\"wp-image-3094\" srcset=\"https:\/\/ictknow-how.ch\/blog\/wp-content\/uploads\/2023\/05\/FB-dynamische-Belegung-RAM-1024x289.jpg 1024w, https:\/\/ictknow-how.ch\/blog\/wp-content\/uploads\/2023\/05\/FB-dynamische-Belegung-RAM-300x85.jpg 300w, https:\/\/ictknow-how.ch\/blog\/wp-content\/uploads\/2023\/05\/FB-dynamische-Belegung-RAM-768x217.jpg 768w, https:\/\/ictknow-how.ch\/blog\/wp-content\/uploads\/2023\/05\/FB-dynamische-Belegung-RAM-1536x433.jpg 1536w, https:\/\/ictknow-how.ch\/blog\/wp-content\/uploads\/2023\/05\/FB-dynamische-Belegung-RAM.jpg 1893w\" sizes=\"auto, (max-width: 1024px) 100vw, 1024px\" \/><\/a><\/figure>\n\n\n\n<p class=\"wp-block-paragraph\">Im ersten Schritt haben wir wie im Artikel empfohlen das <a rel=\"noreferrer noopener\" href=\"https:\/\/avm.de\/service\/wissensdatenbank\/dok\/FRITZ-Box-5590-Fiber\/2_FRITZ-OS-Update-durchfuhren\/\" target=\"_blank\">aktuellste Fritz!OS<\/a> v7.50 installiert. Nach rund 32 Stunden startete sich die Fritz!Box 5590 selber. <br><br>Dann haben wir das mitgelieferte, weisse Netzteil \u00ab311POW134\u00bb verwendet (obwohl das Netzteil der bisherigen Fritz!Box 5490 genau die gleichen 12V\/2,5 Ampere anzeigt, aber eine andere Power Unit-Modell-Nr. hat: \u00ab311POW091\u00bb).<br>Nach rund 41 Stunden startete sich die Fritz!Box 5590 selber.<\/p>\n\n\n\n<p class=\"wp-block-paragraph\">Da wir keine USB-Ger\u00e4te angeschlossen haben und keine Filesharing-Programme verwenden, versuchten wir es mit Punkt 5 und <a href=\"https:\/\/avm.de\/service\/wissensdatenbank\/dok\/FRITZ-Box-5590-Fiber\/3_Werkseinstellungen-der-FRITZ-Box-laden\/\" target=\"_blank\" rel=\"noreferrer noopener\">Werkseinstellungen laden<\/a>. Dabei haben wir die Netzwerk- und WLAN-Einstellungen manuell vorgenommen und nur die Telefonie-Einstellungen f\u00fcr die SIP-Anschl\u00fcsse importiert. Die Telefonb\u00fccher haben wir erstmal weggelassen.<br>Nach rund 43 Stunden startete sich die Fritz!Box 5590 selber.<\/p>\n\n\n\n<p class=\"wp-block-paragraph\">Als n\u00e4chstes bleibt dann nur noch das Zur\u00fccksetzen mit dem <a rel=\"noreferrer noopener\" href=\"https:\/\/avm.de\/service\/wissensdatenbank\/dok\/FRITZ-Box-5590-Fiber\/160_FRITZ-OS-der-FRITZ-Box-wiederherstellen\/\" target=\"_blank\">Wiederherstellungs-Programm<\/a>.<\/p>\n\n\n\n<p class=\"wp-block-paragraph\">Wenn jemand die gleiche Erfahrung gemacht und eine L\u00f6sung in seiner Umgebung gefunden hat, w\u00e4ren wir f\u00fcr einen entsprechenden Kommentar dankbar.<\/p>\n\n\n\n<p class=\"wp-block-paragraph\"><strong>Nachtrag 19.06.2023<\/strong> (16.15 Uhr):<br>Nachdem wir als letzten Ausweg die offizielle &#8222;FRITZ.Box_5590_Fiber-07.50-recover.exe&#8220; verwendet haben, l\u00e4uft auch unsere FB 5590 seit rund 14 Tagen stabil und ohne Neustart. <em>(Hinweis: Es muss eine direkte LAN-Kabel-Verbindung zwischen dem Ger\u00e4t mit der Recovery-Software und der Fritz!Box bestehen! \u00dcber einen Switch oder WLAN bekommt man keine Verbindung zwischen dem Recovery-Tool und der FB).<\/em><\/p>\n\n\n<div class=\"kk-star-ratings kksr-auto kksr-align-left kksr-valign-bottom\"\n    data-payload='{&quot;align&quot;:&quot;left&quot;,&quot;id&quot;:&quot;3093&quot;,&quot;slug&quot;:&quot;default&quot;,&quot;valign&quot;:&quot;bottom&quot;,&quot;ignore&quot;:&quot;&quot;,&quot;reference&quot;:&quot;auto&quot;,&quot;class&quot;:&quot;&quot;,&quot;count&quot;:&quot;0&quot;,&quot;legendonly&quot;:&quot;&quot;,&quot;readonly&quot;:&quot;&quot;,&quot;score&quot;:&quot;0&quot;,&quot;starsonly&quot;:&quot;&quot;,&quot;best&quot;:&quot;5&quot;,&quot;gap&quot;:&quot;5&quot;,&quot;greet&quot;:&quot;Rate this post&quot;,&quot;legend&quot;:&quot;0\\\/5 - (0 votes)&quot;,&quot;size&quot;:&quot;24&quot;,&quot;title&quot;:&quot;Fritz!Box willk\u00fcrliche Neustarts&quot;,&quot;width&quot;:&quot;0&quot;,&quot;_legend&quot;:&quot;{score}\\\/{best} - ({count} {votes})&quot;,&quot;font_factor&quot;:&quot;1.25&quot;}'>\n            \n<div class=\"kksr-stars\">\n    \n<div class=\"kksr-stars-inactive\">\n            <div class=\"kksr-star\" data-star=\"1\" style=\"padding-right: 5px\">\n            \n\n<div class=\"kksr-icon\" style=\"width: 24px; height: 24px;\"><\/div>\n        <\/div>\n            <div class=\"kksr-star\" data-star=\"2\" style=\"padding-right: 5px\">\n            \n\n<div class=\"kksr-icon\" style=\"width: 24px; height: 24px;\"><\/div>\n        <\/div>\n            <div class=\"kksr-star\" data-star=\"3\" style=\"padding-right: 5px\">\n            \n\n<div class=\"kksr-icon\" style=\"width: 24px; height: 24px;\"><\/div>\n        <\/div>\n            <div class=\"kksr-star\" data-star=\"4\" style=\"padding-right: 5px\">\n            \n\n<div class=\"kksr-icon\" style=\"width: 24px; height: 24px;\"><\/div>\n        <\/div>\n            <div class=\"kksr-star\" data-star=\"5\" style=\"padding-right: 5px\">\n            \n\n<div class=\"kksr-icon\" style=\"width: 24px; height: 24px;\"><\/div>\n        <\/div>\n    <\/div>\n    \n<div class=\"kksr-stars-active\" style=\"width: 0px;\">\n            <div class=\"kksr-star\" style=\"padding-right: 5px\">\n            \n\n<div class=\"kksr-icon\" style=\"width: 24px; height: 24px;\"><\/div>\n        <\/div>\n            <div class=\"kksr-star\" style=\"padding-right: 5px\">\n            \n\n<div class=\"kksr-icon\" style=\"width: 24px; height: 24px;\"><\/div>\n        <\/div>\n            <div class=\"kksr-star\" style=\"padding-right: 5px\">\n            \n\n<div class=\"kksr-icon\" style=\"width: 24px; height: 24px;\"><\/div>\n        <\/div>\n            <div class=\"kksr-star\" style=\"padding-right: 5px\">\n            \n\n<div class=\"kksr-icon\" style=\"width: 24px; height: 24px;\"><\/div>\n        <\/div>\n            <div class=\"kksr-star\" style=\"padding-right: 5px\">\n            \n\n<div class=\"kksr-icon\" style=\"width: 24px; height: 24px;\"><\/div>\n        <\/div>\n    <\/div>\n<\/div>\n                \n\n<div class=\"kksr-legend\" style=\"font-size: 19.2px;\">\n            <span class=\"kksr-muted\">Rate this post<\/span>\n    <\/div>\n    <\/div>\n","protected":false},"excerpt":{"rendered":"<p>Unsere neue \u00abFritz!Box 5590 Fiber\u00bb startet sich aus leider unerkl\u00e4rlichen Gr\u00fcnden alle knapp 2 Tage willk\u00fcrlich selber.Dieser AVM-Artikel beschreibt, was man gem\u00e4ss Hersteller dagegen tun soll. Da wir jeweils immer knapp 48 Stunden warten m\u00fcssen, ist die Fehlerbehebung sehr m\u00fchsam. Das einzige &#8222;konstante&#8220; ist die Anzeige der st\u00fcndlich anwachsenden dynamischen RAM-Belegung unter System -&gt; Energiemonitor &#8230; <a title=\"Fritz!Box willk\u00fcrliche Neustarts\" class=\"read-more\" href=\"https:\/\/ictknow-how.ch\/blog\/2023\/05\/29\/fritzbox-willkuerliche-neustarts\/\" aria-label=\"Mehr Informationen \u00fcber Fritz!Box willk\u00fcrliche Neustarts\">Weiterlesen<\/a><\/p>\n","protected":false},"author":1,"featured_media":0,"comment_status":"open","ping_status":"open","sticky":false,"template":"","format":"standard","meta":{"footnotes":""},"categories":[100],"tags":[261,260,259],"class_list":["post-3093","post","type-post","status-publish","format-standard","hentry","category-fritzbox","tag-dynamische-ram-belegung","tag-fritzos","tag-willkuerliche-neustarts"],"_links":{"self":[{"href":"https:\/\/ictknow-how.ch\/blog\/wp-json\/wp\/v2\/posts\/3093","targetHints":{"allow":["GET"]}}],"collection":[{"href":"https:\/\/ictknow-how.ch\/blog\/wp-json\/wp\/v2\/posts"}],"about":[{"href":"https:\/\/ictknow-how.ch\/blog\/wp-json\/wp\/v2\/types\/post"}],"author":[{"embeddable":true,"href":"https:\/\/ictknow-how.ch\/blog\/wp-json\/wp\/v2\/users\/1"}],"replies":[{"embeddable":true,"href":"https:\/\/ictknow-how.ch\/blog\/wp-json\/wp\/v2\/comments?post=3093"}],"version-history":[{"count":0,"href":"https:\/\/ictknow-how.ch\/blog\/wp-json\/wp\/v2\/posts\/3093\/revisions"}],"wp:attachment":[{"href":"https:\/\/ictknow-how.ch\/blog\/wp-json\/wp\/v2\/media?parent=3093"}],"wp:term":[{"taxonomy":"category","embeddable":true,"href":"https:\/\/ictknow-how.ch\/blog\/wp-json\/wp\/v2\/categories?post=3093"},{"taxonomy":"post_tag","embeddable":true,"href":"https:\/\/ictknow-how.ch\/blog\/wp-json\/wp\/v2\/tags?post=3093"}],"curies":[{"name":"wp","href":"https:\/\/api.w.org\/{rel}","templated":true}]}}